{"id":8262,"date":"2021-09-02T10:26:00","date_gmt":"2021-09-02T08:26:00","guid":{"rendered":"https:\/\/www.instore-solution.fr\/?p=8262"},"modified":"2021-11-03T16:40:24","modified_gmt":"2021-11-03T14:40:24","slug":"salon-paris-retail-week-2021","status":"publish","type":"post","link":"https:\/\/www.instore-solution.fr\/en\/salon-paris-retail-week-2021\/","title":{"rendered":"Paris Retail Week 2021 Show - Groupe Interway"},"content":{"rendered":"<h1>\n<h1 class=\"title style-scope ytd-video-primary-info-renderer translation-block\"><span style=\"color: #ffffff\">Paris retail week show <br><\/span><span style=\"color: #ffffff\">28-29-30 SEPT. 21<\/span><\/h1>\n<\/h1>\n<h1>\n<h2>Groupe Interway will welcome you on stand P016 during the Paris retail week on September 28, 29 and 30.\u00a0<\/h2>\n<\/h1>\n<div>\n<p>\u00c0 vos agendas ! Les \u00e9quipes d\u2019InStore et d\u2019Interway, filiales du Groupe Interway, vous invitent \u00e0 venir au Salon Paris Retail Week 2021, salon de l&rsquo;e-commerce et du commerce connect\u00e9, pour d\u00e9couvrir\u00a0<a href=\"https:\/\/www.instore-solution.fr\/en\/nos-solutions\/\" target=\"_blank\" rel=\"noopener\">our digital solutions <\/a>and embark on an omnichannel customer journey.\u00a0<br \/>Our teams will be present to guide you in your efforts and answer all your questions.\u00a0<br \/>The show will take place from Tuesday 28 to Thursday 30 September 2021 at Paris Porte de Versailles.\u00a0<br \/>Don&#039;t forget your health pass to ensure everyone&#039;s safety.<\/p>\n<p>\u00a0<\/p>\n<\/div>\n<div>\n<h3 style=\"text-align: center;\"><span style=\"color: #ffffff;\">WOULD YOU LIKE TO MAKE AN APPOINTMENT WITH ONE OF OUR EXPERTS AT THE SHOW?<\/span><\/h3>\n<\/div>\n<p>\n    <a href=\"https:\/\/docs.google.com\/forms\/d\/e\/1FAIpQLSdX5tBcDDjT7EldKf4gxXYPCr9Rj5dxeyjXnlNY2dE7_Crpgg\/viewform\">Fill out the online form<\/a>\n<\/p>\n<p><img decoding=\"async\" src=\"wp-content\/uploads\/image-PRW-2021-avec-logo-GIWAY.jpg\" alt=\"Salon Paris Retail Week\"><\/p>\n<p><!-- {\"name\":\"Mod\\u00e8le d'article\\\/news vid\\u00e9o\",\"type\":\"layout\",\"children\":[{\"type\":\"section\",\"props\":{\"style\":\"default\",\"width\":\"default\",\"vertical_align\":\"middle\",\"title_position\":\"top-left\",\"title_rotation\":\"left\",\"title_breakpoint\":\"xl\",\"image_position\":\"center-center\",\"text_color\":\"\",\"width_expand\":\"\",\"height\":\"\",\"padding\":\"xlarge\",\"header_transparent\":\"\",\"animation\":\"\",\"image\":\"wp-content\\\/uploads\\\/Image-garde-page-PRW-2021.jpg\"},\"children\":[{\"type\":\"row\",\"props\":{\"layout\":\"1-1\",\"breakpoint\":\"m\",\"fixed_width\":\"large\",\"gutter\":\"\",\"width\":\"\",\"width_expand\":\"\",\"height\":\"\",\"margin\":\"\"},\"children\":[{\"type\":\"column\",\"props\":{\"widths\":[\"1-1\"],\"image_position\":\"center-center\",\"media_overlay_gradient\":\"\",\"vertical_align\":\"\",\"style\":\"\",\"text_color\":\"\",\"padding\":\"\"},\"children\":[{\"type\":\"headline\",\"props\":{\"title_element\":\"h1\",\"title_style\":\"h1\",\"title_decoration\":\"\",\"title_color\":\"\",\"text_align\":\"left\",\"text_align_breakpoint\":\"\",\"text_align_fallback\":\"\",\"maxwidth\":\"xlarge\",\"maxwidth_align\":\"\",\"maxwidth_breakpoint\":\"\",\"margin\":\"\",\"animation\":\"\",\"visibility\":\"\",\"content\":\"\n\n<h1 class=\\\"title style-scope ytd-video-primary-info-renderer\\\"><span style=\\\"color: #ffffff;\\\">Salon paris retail week <br \\\/><\\\/span><span style=\\\"color: #ffffff;\\\">28-29-30 SEPT. 21<\\\/span><\\\/h1>\"}}]}]}]},{\"type\":\"section\",\"props\":{\"style\":\"default\",\"width\":\"default\",\"vertical_align\":\"middle\",\"title_position\":\"top-left\",\"title_rotation\":\"left\",\"title_breakpoint\":\"xl\",\"image_position\":\"center-center\",\"text_color\":\"\",\"width_expand\":\"\",\"height\":\"\",\"padding\":\"\",\"header_transparent\":\"\",\"animation\":\"\",\"padding_remove_bottom\":true},\"children\":[{\"type\":\"row\",\"props\":{\"layout\":\"1-1\",\"breakpoint\":\"m\",\"fixed_width\":\"large\",\"gutter\":\"\",\"width\":\"\",\"width_expand\":\"\",\"height\":\"\",\"margin\":\"\"},\"children\":[{\"type\":\"column\",\"props\":{\"widths\":[\"1-1\"],\"image_position\":\"center-center\",\"media_overlay_gradient\":\"\",\"vertical_align\":\"\",\"style\":\"\",\"text_color\":\"\",\"padding\":\"\"},\"children\":[{\"type\":\"headline\",\"props\":{\"title_element\":\"h1\",\"title_style\":\"\",\"title_decoration\":\"\",\"title_color\":\"\",\"text_align\":\"\",\"text_align_breakpoint\":\"\",\"text_align_fallback\":\"\",\"maxwidth\":\"small\",\"maxwidth_align\":\"\",\"maxwidth_breakpoint\":\"\",\"margin\":\"\",\"animation\":\"\",\"visibility\":\"\",\"content\":\"\n\n<h2>Groupe Interway vous accueillera sur le stand P016 lors de la Paris retail week du 28, 29 et 30 septembre.\\u00a0<\\\/h2>\"}}]}]},{\"type\":\"row\",\"props\":{\"layout\":\"1-1\",\"breakpoint\":\"m\",\"fixed_width\":\"large\",\"gutter\":\"\",\"width\":\"\",\"width_expand\":\"\",\"height\":\"\",\"margin\":\"\"},\"children\":[{\"type\":\"column\",\"props\":{\"widths\":[\"1-1\"],\"image_position\":\"center-center\",\"media_overlay_gradient\":\"\",\"vertical_align\":\"\",\"style\":\"\",\"text_color\":\"\",\"padding\":\"\"},\"children\":[{\"type\":\"text\",\"props\":{\"margin\":\"default\",\"column_breakpoint\":\"m\",\"text_style\":\"\",\"text_color\":\"\",\"text_size\":\"\",\"column\":\"\",\"text_align\":\"\",\"text_align_breakpoint\":\"\",\"text_align_fallback\":\"\",\"maxwidth\":\"\",\"maxwidth_align\":\"\",\"maxwidth_breakpoint\":\"\",\"animation\":\"\",\"visibility\":\"\",\"content\":\"\n\n<p>\\u00c0 vos agendas ! Les \\u00e9quipes d\\u2019InStore et d\\u2019Interway, filiales du Groupe Interway, vous invitent \\u00e0 venir au Salon Paris Retail Week 2021, salon de l'e-commerce et du commerce connect\\u00e9, pour d\\u00e9couvrir\\u00a0<a href=\\\"https:\\\/\\\/www.instore-solution.fr\\\/nos-solutions\\\/\\\" target=\\\"_blank\\\" rel=\\\"noopener\\\">nos solutions <\\\/a>digitales et vous lancer dans un parcours client omnicanal.\\u00a0<br \\\/>Nos \\u00e9quipes serons pr\\u00e9sentes pour vous guider dans vos d\\u00e9marches et r\\u00e9pondre \\u00e0 toutes vos questions.\\u00a0<br \\\/>Le salon aura lieu du mardi 28 au jeudi 30 septembre 2021 \\u00e0 Paris Porte de Versailles.\\u00a0<br \\\/>N\\u2019oubliez pas votre pass sanitaire pour assurer la s\\u00e9curit\\u00e9 de tous.<\\\/p>\\n\n\n<p>\\u00a0<\\\/p>\"}}]}]}]},{\"type\":\"section\",\"props\":{\"style\":\"secondary\",\"width\":\"default\",\"vertical_align\":\"middle\",\"title_position\":\"top-left\",\"title_rotation\":\"left\",\"title_breakpoint\":\"xl\",\"image_position\":\"center-center\",\"text_color\":\"\",\"width_expand\":\"\",\"height\":\"\",\"padding\":\"\",\"header_transparent\":\"\",\"animation\":\"\",\"padding_remove_top\":false,\"padding_remove_bottom\":false},\"children\":[{\"type\":\"row\",\"props\":{\"layout\":\"1-1\",\"breakpoint\":\"m\",\"fixed_width\":\"large\",\"gutter\":\"\",\"width\":\"\",\"width_expand\":\"\",\"height\":\"\",\"margin\":\"\",\"margin_remove_top\":false},\"children\":[{\"type\":\"column\",\"props\":{\"widths\":[\"1-1\"],\"image_position\":\"center-center\",\"media_overlay_gradient\":\"\",\"vertical_align\":\"\",\"style\":\"\",\"text_color\":\"\",\"padding\":\"\"},\"children\":[{\"type\":\"text\",\"props\":{\"margin\":\"default\",\"column_breakpoint\":\"m\",\"text_style\":\"\",\"text_color\":\"\",\"text_size\":\"\",\"column\":\"\",\"text_align\":\"\",\"text_align_breakpoint\":\"\",\"text_align_fallback\":\"\",\"maxwidth\":\"\",\"maxwidth_align\":\"\",\"maxwidth_breakpoint\":\"\",\"animation\":\"\",\"visibility\":\"\",\"content\":\"\n\n<h3 style=\\\"text-align: center;\\\"><span style=\\\"color: #ffffff;\\\">VOUS SOUHAITEZ PRENDRE UN RDV AVEC UN DE NOS EXPERTS SUR LE SALON ?<\\\/span><\\\/h3>\"}},{\"type\":\"button\",\"props\":{\"gutter\":\"medium\",\"margin\":\"default\",\"button_size\":\"\",\"text_align\":\"center\",\"text_align_breakpoint\":\"m\",\"text_align_fallback\":\"center\",\"maxwidth\":\"\",\"maxwidth_align\":\"\",\"maxwidth_breakpoint\":\"\",\"animation\":\"\",\"visibility\":\"\",\"fullwidth\":false},\"children\":[{\"type\":\"button_item\",\"props\":{\"button_style\":\"danger\",\"icon_align\":\"left\",\"link_target\":\"\",\"content\":\"Remplissez le formulaire en ligne\",\"icon\":\"file-text\",\"link\":\"https:\\\/\\\/docs.google.com\\\/forms\\\/d\\\/e\\\/1FAIpQLSdX5tBcDDjT7EldKf4gxXYPCr9Rj5dxeyjXnlNY2dE7_Crpgg\\\/viewform\",\"link_title\":\"Contactez-nous\"}}]}]}]}]},{\"type\":\"section\",\"props\":{\"style\":\"default\",\"width\":\"default\",\"vertical_align\":\"middle\",\"title_position\":\"top-left\",\"title_rotation\":\"left\",\"title_breakpoint\":\"xl\",\"image_position\":\"center-center\",\"text_color\":\"\",\"width_expand\":\"\",\"height\":\"\",\"padding\":\"\",\"header_transparent\":\"\",\"animation\":\"\"},\"children\":[{\"type\":\"row\",\"props\":{\"layout\":\"1-1\",\"breakpoint\":\"m\",\"fixed_width\":\"large\",\"gutter\":\"\",\"width\":\"\",\"width_expand\":\"\",\"height\":\"\",\"margin\":\"\"},\"children\":[{\"type\":\"column\",\"props\":{\"widths\":[\"1-1\"],\"image_position\":\"center-center\",\"media_overlay_gradient\":\"\",\"vertical_align\":\"\",\"style\":\"\",\"text_color\":\"\",\"padding\":\"\"},\"children\":[{\"type\":\"image\",\"props\":{\"margin\":\"default\",\"image_svg_color\":\"emphasis\",\"link_target\":\"\",\"image_border\":\"\",\"image_box_shadow\":\"medium\",\"image_hover_box_shadow\":\"\",\"image_box_decoration\":\"\",\"text_align\":\"center\",\"text_align_breakpoint\":\"\",\"text_align_fallback\":\"\",\"maxwidth\":\"xlarge\",\"maxwidth_align\":\"center\",\"maxwidth_breakpoint\":\"\",\"animation\":\"\",\"visibility\":\"\",\"image\":\"wp-content\\\/uploads\\\/image-PRW-2021-avec-logo-GIWAY.jpg\",\"image_alt\":\"Salon Paris Retail Week\"}}]}]}]},{\"type\":\"section\",\"props\":{\"style\":\"default\",\"width\":\"default\",\"vertical_align\":\"middle\",\"title_position\":\"top-left\",\"title_rotation\":\"left\",\"title_breakpoint\":\"xl\",\"image_position\":\"center-center\",\"text_color\":\"\",\"width_expand\":\"\",\"height\":\"\",\"padding\":\"\",\"header_transparent\":\"\",\"animation\":\"\"},\"children\":[{\"type\":\"row\",\"props\":{\"layout\":\"1-1\",\"breakpoint\":\"m\",\"fixed_width\":\"large\",\"gutter\":\"\",\"width\":\"\",\"width_expand\":\"\",\"height\":\"\",\"margin\":\"\"},\"children\":[{\"type\":\"column\",\"props\":{\"widths\":[\"1-1\"],\"image_position\":\"center-center\",\"media_overlay_gradient\":\"\",\"vertical_align\":\"\",\"style\":\"\",\"text_color\":\"\",\"padding\":\"\"},\"children\":[{\"type\":\"totop\",\"props\":{\"margin\":\"default\",\"text_align\":\"\",\"text_align_breakpoint\":\"\",\"text_align_fallback\":\"\",\"maxwidth\":\"\",\"maxwidth_align\":\"\",\"maxwidth_breakpoint\":\"\",\"animation\":\"\",\"visibility\":\"\"}}]}]}]}],\"version\":\"1.19.0\",\"props\":[]} --><\/p>","protected":false},"excerpt":{"rendered":"<p>Salon paris retail week 28-29-30 SEPT. 21 Groupe Interway vous accueillera sur le stand P016 lors de la Paris retail week du 28, 29 et 30 septembre.\u00a0 \u00c0 vos agendas ! Les \u00e9quipes d\u2019InStore et d\u2019Interway, filiales du Groupe Interway, vous invitent \u00e0 venir au Salon Paris Retail Week 2021, salon de l&rsquo;e-commerce et du [&hellip;]<\/p>","protected":false},"author":1,"featured_media":8293,"comment_status":"open","ping_status":"open","sticky":false,"template":"","format":"aside","meta":{"_mi_skip_tracking":false,"_monsterinsights_sitenote_active":false,"_monsterinsights_sitenote_note":"","_monsterinsights_sitenote_category":0,"_jetpack_memberships_contains_paid_content":false,"footnotes":""},"categories":[7],"tags":[],"jetpack_sharing_enabled":true,"jetpack_featured_media_url":"https:\/\/www.instore-solution.fr\/wp-content\/uploads\/Image-actu-Interway-PRW-2021.jpg","_links":{"self":[{"href":"https:\/\/www.instore-solution.fr\/en\/wp-json\/wp\/v2\/posts\/8262"}],"collection":[{"href":"https:\/\/www.instore-solution.fr\/en\/wp-json\/wp\/v2\/posts"}],"about":[{"href":"https:\/\/www.instore-solution.fr\/en\/wp-json\/wp\/v2\/types\/post"}],"author":[{"embeddable":true,"href":"https:\/\/www.instore-solution.fr\/en\/wp-json\/wp\/v2\/users\/1"}],"replies":[{"embeddable":true,"href":"https:\/\/www.instore-solution.fr\/en\/wp-json\/wp\/v2\/comments?post=8262"}],"version-history":[{"count":0,"href":"https:\/\/www.instore-solution.fr\/en\/wp-json\/wp\/v2\/posts\/8262\/revisions"}],"wp:featuredmedia":[{"embeddable":true,"href":"https:\/\/www.instore-solution.fr\/en\/wp-json\/wp\/v2\/media\/8293"}],"wp:attachment":[{"href":"https:\/\/www.instore-solution.fr\/en\/wp-json\/wp\/v2\/media?parent=8262"}],"wp:term":[{"taxonomy":"category","embeddable":true,"href":"https:\/\/www.instore-solution.fr\/en\/wp-json\/wp\/v2\/categories?post=8262"},{"taxonomy":"post_tag","embeddable":true,"href":"https:\/\/www.instore-solution.fr\/en\/wp-json\/wp\/v2\/tags?post=8262"}],"curies":[{"name":"wp","href":"https:\/\/api.w.org\/{rel}","templated":true}]}}