{"id":9369,"date":"2024-09-27T17:40:46","date_gmt":"2024-09-27T15:40:46","guid":{"rendered":"https:\/\/www.instore-solution.fr\/?p=9369"},"modified":"2024-12-19T18:09:12","modified_gmt":"2024-12-19T16:09:12","slug":"instore-solution-present-au-salon-des-maires-59","status":"publish","type":"post","link":"https:\/\/www.instore-solution.fr\/en\/instore-solution-present-au-salon-des-maires-59\/","title":{"rendered":"InStore Solution at the \"salon des maires 59\""},"content":{"rendered":"<h1>\n<h1 class=\"title style-scope ytd-video-primary-info-renderer\"><span style=\"color: #ffffff;\">InStore Solution au Congr\u00e8s des Maires du Nord 2024<\/span><\/h1>\n<\/h1>\n<h2>\n<h2>Congr\u00e8s des maires et des pr\u00e9sidents d&rsquo;intercommunalit\u00e9s du Nord 2024<\/h2>\n<\/h2>\n<p><img decoding=\"async\" src=\"wp-content\/uploads\/Salons-des-maires-59-2.jpg\" alt=\"\"><\/p>\n<div>\n<p>Ce jeudi 26 septembre 2024, InStore Solution, membre du Groupe Interway, \u00e9tait pr\u00e9sent aux c\u00f4t\u00e9s du Groupe Sogetrel au Congr\u00e8s des Maires du Nord, au Parc des Expositions de Douai.\u00a0<br \/>Cet \u00e9v\u00e9nement d\u00e9di\u00e9 aux collectivit\u00e9s a rassembl\u00e9 \u00e9lus et acteurs engag\u00e9s dans le d\u00e9veloppement de la r\u00e9gion !\u00a0<\/p>\n<p>Tout au long de la journ\u00e9e, nos \u00e9quipes ont pr\u00e9sent\u00e9 les solutions mutualis\u00e9es du Groupe Sogetrel, adapt\u00e9es aux enjeux de s\u00e9curit\u00e9, de connectivit\u00e9 et de gestion des territoires du Nord.\u00a0<\/p>\n<p>Nous remercions tous ceux qui sont venus \u00e0 notre rencontre ! Nous avons appr\u00e9ci\u00e9 ces \u00e9changes enrichissants avec les partenaires locaux : Jean-Michel Szatny, Didier Dalloy, Salvatore De Cesare, Laurent des desmons, Marie-Fran\u00e7oise Falempe, \u00c9ric DuRand, Lionel Courdavault, Jeanne Roman ainsi qu&rsquo;avec la Gendarmerie (r\u00e9f\u00e9rent de s\u00fbret\u00e9 de Villeneuve d&rsquo;Ascq).<\/p>\n<\/div>\n<h1>\n<h3 style=\"text-align: center;\"><span style=\"color: #ffffff;\">WANT TO KNOW MORE ABOUT OUR SOLUTIONS?<\/span><\/h3>\n<\/h1>\n<ul>\n<li>\n        <a href=\"https:\/\/www.instore-solution.fr\/en\/formulaire-solution-lockers-connectes\/\">Contact us<\/a>\n    <\/li>\n<li>\n        <a href=\"https:\/\/www.instore-solution.fr\/en\/contact\/\">Find Groupe Interway near you<\/a>\n    <\/li>\n<\/ul>\n<p><!-- {\"name\":\"Mod\\u00e8le d'article\\\/news vid\\u00e9o\",\"type\":\"layout\",\"children\":[{\"type\":\"section\",\"props\":{\"style\":\"default\",\"width\":\"default\",\"vertical_align\":\"middle\",\"title_position\":\"top-left\",\"title_rotation\":\"left\",\"title_breakpoint\":\"xl\",\"image_position\":\"center-center\",\"text_color\":\"\",\"width_expand\":\"\",\"height\":\"\",\"padding\":\"xlarge\",\"header_transparent\":\"\",\"animation\":\"\",\"image\":\"wp-content\\\/uploads\\\/image-news.png\",\"overlap\":false,\"image_size\":\"\",\"image_effect\":\"\",\"image_parallax_breakpoint\":\"\",\"image_visibility\":\"\",\"video_width\":\"\",\"video_height\":\"\",\"media_blend_mode\":\"\",\"image_width\":\"2560\",\"image_height\":\"750\",\"padding_remove_bottom\":false},\"children\":[{\"type\":\"row\",\"props\":{\"layout\":\"1-1\",\"breakpoint\":\"m\",\"fixed_width\":\"large\",\"gutter\":\"\",\"width\":\"\",\"width_expand\":\"\",\"height\":\"\",\"margin\":\"\",\"margin_remove_bottom\":false},\"children\":[{\"type\":\"column\",\"props\":{\"widths\":[\"1-1\"],\"image_position\":\"center-center\",\"media_overlay_gradient\":\"\",\"vertical_align\":\"\",\"style\":\"\",\"text_color\":\"\",\"padding\":\"\"},\"children\":[{\"type\":\"headline\",\"props\":{\"title_element\":\"h1\",\"title_style\":\"h1\",\"title_decoration\":\"\",\"title_color\":\"\",\"text_align\":\"\",\"text_align_breakpoint\":\"\",\"text_align_fallback\":\"\",\"maxwidth\":\"\",\"maxwidth_align\":\"\",\"maxwidth_breakpoint\":\"\",\"margin\":\"\",\"animation\":\"\",\"visibility\":\"\",\"content\":\"\n\n<h1 class=\\\"title style-scope ytd-video-primary-info-renderer\\\"><span style=\\\"color: #ffffff;\\\">InStore Solution au Congr\\u00e8s des Maires du Nord 2024<\\\/span><\\\/h1>\"}}]}]}]},{\"type\":\"section\",\"props\":{\"style\":\"default\",\"width\":\"default\",\"vertical_align\":\"middle\",\"title_position\":\"top-left\",\"title_rotation\":\"left\",\"title_breakpoint\":\"xl\",\"image_position\":\"center-center\",\"text_color\":\"\",\"width_expand\":\"\",\"height\":\"\",\"padding\":\"large\",\"header_transparent\":\"\",\"animation\":\"\",\"padding_remove_top\":true,\"padding_remove_bottom\":true},\"children\":[{\"type\":\"row\",\"props\":{\"layout\":\"1-1\",\"breakpoint\":\"m\",\"fixed_width\":\"large\",\"gutter\":\"\",\"width\":\"\",\"width_expand\":\"\",\"height\":\"\",\"margin\":\"\",\"margin_remove_top\":false},\"children\":[{\"type\":\"column\",\"props\":{\"widths\":[\"1-1\"],\"image_position\":\"center-center\",\"media_overlay_gradient\":\"\",\"vertical_align\":\"\",\"style\":\"\",\"text_color\":\"\",\"padding\":\"\"},\"children\":[{\"type\":\"headline\",\"props\":{\"title_element\":\"h2\",\"title_style\":\"\",\"title_decoration\":\"\",\"title_color\":\"\",\"text_align\":\"\",\"text_align_breakpoint\":\"\",\"text_align_fallback\":\"\",\"maxwidth\":\"\",\"maxwidth_align\":\"\",\"maxwidth_breakpoint\":\"\",\"margin\":\"large\",\"animation\":\"\",\"visibility\":\"\",\"content\":\"\n\n<h2>Congr\\u00e8s des maires et des pr\\u00e9sidents d'intercommunalit\\u00e9s du Nord 2024<\\\/h2>\"}}]}]}]},{\"type\":\"section\",\"props\":{\"style\":\"default\",\"width\":\"default\",\"vertical_align\":\"middle\",\"title_position\":\"top-left\",\"title_rotation\":\"left\",\"title_breakpoint\":\"xl\",\"image_position\":\"center-center\",\"text_color\":\"\",\"width_expand\":\"\",\"height\":\"\",\"padding\":\"\",\"header_transparent\":\"\",\"animation\":\"\"},\"children\":[{\"type\":\"row\",\"props\":{\"layout\":\",\",\"breakpoint\":\"m\",\"fixed_width\":\"large\",\"gutter\":\"\",\"width\":\"\",\"width_expand\":\"\",\"height\":\"\",\"margin\":\"\"},\"children\":[{\"type\":\"column\",\"props\":{\"widths\":[\"\"],\"image_position\":\"center-center\",\"media_overlay_gradient\":\"\",\"vertical_align\":\"\",\"style\":\"\",\"text_color\":\"\",\"padding\":\"\"},\"children\":[{\"type\":\"image\",\"props\":{\"margin\":\"default\",\"image_svg_color\":\"emphasis\",\"link_target\":\"\",\"image_border\":\"\",\"image_box_shadow\":\"\",\"image_hover_box_shadow\":\"\",\"image_box_decoration\":\"\",\"text_align\":\"\",\"text_align_breakpoint\":\"\",\"text_align_fallback\":\"\",\"maxwidth\":\"\",\"maxwidth_align\":\"\",\"maxwidth_breakpoint\":\"\",\"animation\":\"\",\"visibility\":\"\",\"image\":\"wp-content\\\/uploads\\\/Salons-des-maires-59-2.jpg\"}}]},{\"type\":\"column\",\"props\":{\"widths\":[\"\"],\"image_position\":\"center-center\",\"media_overlay_gradient\":\"\",\"vertical_align\":\"\",\"style\":\"\",\"text_color\":\"\",\"padding\":\"\"},\"children\":[{\"type\":\"text\",\"props\":{\"margin\":\"default\",\"column_breakpoint\":\"m\",\"text_style\":\"\",\"text_color\":\"\",\"text_size\":\"\",\"column\":\"\",\"text_align\":\"\",\"text_align_breakpoint\":\"\",\"text_align_fallback\":\"\",\"maxwidth\":\"\",\"maxwidth_align\":\"\",\"maxwidth_breakpoint\":\"\",\"animation\":\"\",\"visibility\":\"\",\"content\":\"\n\n<p>Ce jeudi 26 septembre 2024, InStore Solution, membre du Groupe Interway, \\u00e9tait pr\\u00e9sent aux c\\u00f4t\\u00e9s du Groupe Sogetrel au Congr\\u00e8s des Maires du Nord, au Parc des Expositions de Douai.\\u00a0<br \\\/>Cet \\u00e9v\\u00e9nement d\\u00e9di\\u00e9 aux collectivit\\u00e9s a rassembl\\u00e9 \\u00e9lus et acteurs engag\\u00e9s dans le d\\u00e9veloppement de la r\\u00e9gion !\\u00a0<\\\/p>\\n\n\n<p>Tout au long de la journ\\u00e9e, nos \\u00e9quipes ont pr\\u00e9sent\\u00e9 les solutions mutualis\\u00e9es du Groupe Sogetrel, adapt\\u00e9es aux enjeux de s\\u00e9curit\\u00e9, de connectivit\\u00e9 et de gestion des territoires du Nord.\\u00a0<\\\/p>\\n\n\n<p>Nous remercions tous ceux qui sont venus \\u00e0 notre rencontre ! Nous avons appr\\u00e9ci\\u00e9 ces \\u00e9changes enrichissants avec les partenaires locaux : Jean-Michel Szatny, Didier Dalloy, Salvatore De Cesare, Laurent des desmons, Marie-Fran\\u00e7oise Falempe, \\u00c9ric DuRand, Lionel Courdavault, Jeanne Roman ainsi qu'avec la Gendarmerie (r\\u00e9f\\u00e9rent de s\\u00fbret\\u00e9 de Villeneuve d'Ascq).<\\\/p>\"}}]}]}]},{\"type\":\"section\",\"props\":{\"style\":\"secondary\",\"width\":\"default\",\"vertical_align\":\"middle\",\"title_position\":\"top-left\",\"title_rotation\":\"left\",\"title_breakpoint\":\"xl\",\"image_position\":\"center-center\",\"text_color\":\"\",\"width_expand\":\"\",\"height\":\"\",\"padding\":\"\",\"header_transparent\":\"\",\"animation\":\"\",\"padding_remove_top\":true,\"padding_remove_bottom\":false},\"children\":[{\"type\":\"row\",\"props\":{\"layout\":\"1-1\",\"breakpoint\":\"m\",\"fixed_width\":\"large\",\"gutter\":\"\",\"width\":\"\",\"width_expand\":\"\",\"height\":\"\",\"margin\":\"\"},\"children\":[{\"type\":\"column\",\"props\":{\"widths\":[\"1-1\"],\"image_position\":\"center-center\",\"media_overlay_gradient\":\"\",\"vertical_align\":\"\",\"style\":\"\",\"text_color\":\"\",\"padding\":\"\"},\"children\":[{\"type\":\"headline\",\"props\":{\"title_element\":\"h1\",\"title_style\":\"\",\"title_decoration\":\"\",\"title_color\":\"\",\"text_align\":\"\",\"text_align_breakpoint\":\"\",\"text_align_fallback\":\"\",\"maxwidth\":\"\",\"maxwidth_align\":\"\",\"maxwidth_breakpoint\":\"\",\"margin\":\"\",\"animation\":\"\",\"visibility\":\"\",\"content\":\"\n\n<h3 style=\\\"text-align: center;\\\"><span style=\\\"color: #ffffff;\\\">VOUS VOULEZ EN SAVOIR PLUS PAR RAPPORT \\u00c0 NOS SOLUTIONS ?<\\\/span><\\\/h3>\",\"margin_remove_top\":false}},{\"type\":\"button\",\"props\":{\"gutter\":\"medium\",\"margin\":\"default\",\"button_size\":\"\",\"text_align\":\"center\",\"text_align_breakpoint\":\"m\",\"text_align_fallback\":\"center\",\"maxwidth\":\"\",\"maxwidth_align\":\"\",\"maxwidth_breakpoint\":\"\",\"animation\":\"\",\"visibility\":\"\",\"fullwidth\":false},\"children\":[{\"type\":\"button_item\",\"props\":{\"button_style\":\"danger\",\"icon_align\":\"left\",\"link_target\":\"\",\"content\":\"Contactez-nous\",\"icon\":\"receiver\",\"link\":\"https:\\\/\\\/www.instore-solution.fr\\\/formulaire-solution-lockers-connectes\\\/\",\"link_title\":\"Contactez-nous\"}},{\"type\":\"button_item\",\"props\":{\"button_style\":\"danger\",\"icon_align\":\"left\",\"link_target\":\"\",\"content\":\"Trouvez Groupe Interway pr\\u00e8s de chez vous\",\"link\":\"https:\\\/\\\/www.instore-solution.fr\\\/contact\\\/\",\"icon\":\"info\"}}]}]}]}]},{\"type\":\"section\",\"props\":{\"style\":\"default\",\"width\":\"default\",\"vertical_align\":\"middle\",\"title_position\":\"top-left\",\"title_rotation\":\"left\",\"title_breakpoint\":\"xl\",\"image_position\":\"center-center\",\"text_color\":\"\",\"width_expand\":\"\",\"height\":\"\",\"padding\":\"\",\"header_transparent\":\"\",\"animation\":\"\"},\"children\":[{\"type\":\"row\",\"props\":{\"layout\":\"1-1\",\"breakpoint\":\"m\",\"fixed_width\":\"large\",\"gutter\":\"\",\"width\":\"\",\"width_expand\":\"\",\"height\":\"\",\"margin\":\"\"},\"children\":[{\"type\":\"column\",\"props\":{\"widths\":[\"1-1\"],\"image_position\":\"center-center\",\"media_overlay_gradient\":\"\",\"vertical_align\":\"\",\"style\":\"\",\"text_color\":\"\",\"padding\":\"\"},\"children\":[{\"type\":\"totop\",\"props\":{\"margin\":\"default\",\"text_align\":\"\",\"text_align_breakpoint\":\"\",\"text_align_fallback\":\"\",\"maxwidth\":\"\",\"maxwidth_align\":\"\",\"maxwidth_breakpoint\":\"\",\"animation\":\"\",\"visibility\":\"\"}}]}]}]}],\"version\":\"1.19.0\",\"props\":[]} --><\/p>","protected":false},"excerpt":{"rendered":"<p>InStore Solution au Congr\u00e8s des Maires du Nord 2024 Congr\u00e8s des maires et des pr\u00e9sidents d&rsquo;intercommunalit\u00e9s du Nord 2024 Ce jeudi 26 septembre 2024, InStore Solution, membre du Groupe Interway, \u00e9tait pr\u00e9sent aux c\u00f4t\u00e9s du Groupe Sogetrel au Congr\u00e8s des Maires du Nord, au Parc des Expositions de Douai.\u00a0Cet \u00e9v\u00e9nement d\u00e9di\u00e9 aux collectivit\u00e9s a rassembl\u00e9 [&hellip;]<\/p>","protected":false},"author":3,"featured_media":9379,"comment_status":"open","ping_status":"open","sticky":false,"template":"","format":"aside","meta":{"_mi_skip_tracking":false,"_monsterinsights_sitenote_active":false,"_monsterinsights_sitenote_note":"","_monsterinsights_sitenote_category":0,"_jetpack_memberships_contains_paid_content":false,"footnotes":""},"categories":[8],"tags":[],"jetpack_sharing_enabled":true,"jetpack_featured_media_url":"https:\/\/www.instore-solution.fr\/wp-content\/uploads\/Instore-Solution-Salon-des-maires-59.png","_links":{"self":[{"href":"https:\/\/www.instore-solution.fr\/en\/wp-json\/wp\/v2\/posts\/9369"}],"collection":[{"href":"https:\/\/www.instore-solution.fr\/en\/wp-json\/wp\/v2\/posts"}],"about":[{"href":"https:\/\/www.instore-solution.fr\/en\/wp-json\/wp\/v2\/types\/post"}],"author":[{"embeddable":true,"href":"https:\/\/www.instore-solution.fr\/en\/wp-json\/wp\/v2\/users\/3"}],"replies":[{"embeddable":true,"href":"https:\/\/www.instore-solution.fr\/en\/wp-json\/wp\/v2\/comments?post=9369"}],"version-history":[{"count":0,"href":"https:\/\/www.instore-solution.fr\/en\/wp-json\/wp\/v2\/posts\/9369\/revisions"}],"wp:featuredmedia":[{"embeddable":true,"href":"https:\/\/www.instore-solution.fr\/en\/wp-json\/wp\/v2\/media\/9379"}],"wp:attachment":[{"href":"https:\/\/www.instore-solution.fr\/en\/wp-json\/wp\/v2\/media?parent=9369"}],"wp:term":[{"taxonomy":"category","embeddable":true,"href":"https:\/\/www.instore-solution.fr\/en\/wp-json\/wp\/v2\/categories?post=9369"},{"taxonomy":"post_tag","embeddable":true,"href":"https:\/\/www.instore-solution.fr\/en\/wp-json\/wp\/v2\/tags?post=9369"}],"curies":[{"name":"wp","href":"https:\/\/api.w.org\/{rel}","templated":true}]}}